{"id":13,"date":"2020-09-29T12:24:24","date_gmt":"2020-09-29T10:24:24","guid":{"rendered":"http:\/\/www.eistraeumerei.de\/eiscafe\/?p=13"},"modified":"2026-04-03T16:47:03","modified_gmt":"2026-04-03T14:47:03","slug":"oeffnungszeiten","status":"publish","type":"post","link":"https:\/\/www.eistraeumerei.de\/eiscafe\/oeffnungszeiten\/","title":{"rendered":"\u00d6ffnungszeiten\/Kontakt"},"content":{"rendered":"<p><strong style=\"color: #ff0000; font-family: Bitter, Georgia, serif; font-size: 22px;\">Caf\u00e9 Eistr\u00e4umerei<\/strong><\/p>\n<div class=\"wp-block-group\">\n<div class=\"wp-block-group__inner-container\">\n<div class=\"wp-block-group\">\n<div class=\"wp-block-group__inner-container\">\n<div class=\"wp-block-group\">\n<div class=\"wp-block-group__inner-container\">\n<h3><span style=\"color: #ff0000;\">Oktober bis April Dienstag-Sonntag 13:00-18:00<\/span><\/h3>\n<h3 style=\"margin: 0cm 0cm 0.0001pt; text-align: left;\"><span style=\"color: #808000;\"><span style=\"color: #339966;\">AN ALLEN FEIERTAGEN GE\u00d6FFNET!<\/span><\/span><span style=\"color: #808000;\">&nbsp; &nbsp;&nbsp;<\/span><\/h3>\n<p>&nbsp;<\/p>\n<h3 style=\"margin: 0cm 0cm 0.0001pt; text-align: left;\"><span style=\"color: #808000;\">Mai bis September Dienstag-Sonntag 13:00-20:00<\/span><\/h3>\n<h3 style=\"margin: 0cm 0cm 0.0001pt; text-align: left;\"><span style=\"color: #808000;\"> Oktober bis April <\/span><span style=\"color: #808000;\">Dienstag-Sonntag 13:00-18:00<\/span><\/h3>\n<p>&nbsp;<\/p>\n<p><strong style=\"color: #ff0000; font-family: Bitter, Georgia, serif; font-size: 22px;\">Kleine Eistr\u00e4umerei&nbsp; &nbsp; &nbsp; &nbsp; &nbsp; &nbsp; &nbsp; &nbsp; &nbsp; &nbsp; <\/strong><strong style=\"font-family: Bitter, Georgia, serif; font-size: 18px;\"><span style=\"color: #ff0000;\"><span style=\"font-size: 16px;\">Eis und mehr zum Mitnehmen gegen\u00fcber des Caf\u00e9s <\/span><\/span><\/strong><strong style=\"color: #ff0000; font-family: Bitter, Georgia, serif;\">in der Riebeckstr. 32)&nbsp; &nbsp; &nbsp; &nbsp; &nbsp; &nbsp; &nbsp; &nbsp; &nbsp; &nbsp; &nbsp; &nbsp; &nbsp; &nbsp; &nbsp; &nbsp; &nbsp; &nbsp; &nbsp; &nbsp; &nbsp; &nbsp; &nbsp; &nbsp; &nbsp; &nbsp; &nbsp; &nbsp; &nbsp; &nbsp; &nbsp; &nbsp; &nbsp; &nbsp; &nbsp; &nbsp; &nbsp; &nbsp; &nbsp; &nbsp; &nbsp; &nbsp; &nbsp; &nbsp; &nbsp; &nbsp; &nbsp; &nbsp; &nbsp; &nbsp; &nbsp; &nbsp; &nbsp; &nbsp; &nbsp; &nbsp; &nbsp; &nbsp; &nbsp; &nbsp; &nbsp; &nbsp;Montag-Sonntag 14-18 Uhr.<\/strong><\/p>\n<\/div>\n<\/div>\n<\/div>\n<\/div>\n<\/div>\n<\/div>\n","protected":false},"excerpt":{"rendered":"<p>Caf\u00e9 Eistr\u00e4umerei Oktober bis April Dienstag-Sonntag 13:00-18:00 AN ALLEN FEIERTAGEN GE\u00d6FFNET!&nbsp; &nbsp;&nbsp; &nbsp; Mai bis September Dienstag-Sonntag 13:00-20:00 Oktober bis April Dienstag-Sonntag 13:00-18:00 &nbsp;<a class=\"moretag\" href=\"https:\/\/www.eistraeumerei.de\/eiscafe\/oeffnungszeiten\/\">Read More&#8230;<\/a><\/p>\n","protected":false},"author":1,"featured_media":0,"comment_status":"open","ping_status":"open","sticky":false,"template":"","format":"standard","meta":{"ngg_post_thumbnail":0,"footnotes":""},"categories":[1],"tags":[],"class_list":["post-13","post","type-post","status-publish","format-standard","hentry","category-allgemein"],"aioseo_notices":[],"_links":{"self":[{"href":"https:\/\/www.eistraeumerei.de\/eiscafe\/wp-json\/wp\/v2\/posts\/13","targetHints":{"allow":["GET"]}}],"collection":[{"href":"https:\/\/www.eistraeumerei.de\/eiscafe\/wp-json\/wp\/v2\/posts"}],"about":[{"href":"https:\/\/www.eistraeumerei.de\/eiscafe\/wp-json\/wp\/v2\/types\/post"}],"author":[{"embeddable":true,"href":"https:\/\/www.eistraeumerei.de\/eiscafe\/wp-json\/wp\/v2\/users\/1"}],"replies":[{"embeddable":true,"href":"https:\/\/www.eistraeumerei.de\/eiscafe\/wp-json\/wp\/v2\/comments?post=13"}],"version-history":[{"count":125,"href":"https:\/\/www.eistraeumerei.de\/eiscafe\/wp-json\/wp\/v2\/posts\/13\/revisions"}],"predecessor-version":[{"id":883,"href":"https:\/\/www.eistraeumerei.de\/eiscafe\/wp-json\/wp\/v2\/posts\/13\/revisions\/883"}],"wp:attachment":[{"href":"https:\/\/www.eistraeumerei.de\/eiscafe\/wp-json\/wp\/v2\/media?parent=13"}],"wp:term":[{"taxonomy":"category","embeddable":true,"href":"https:\/\/www.eistraeumerei.de\/eiscafe\/wp-json\/wp\/v2\/categories?post=13"},{"taxonomy":"post_tag","embeddable":true,"href":"https:\/\/www.eistraeumerei.de\/eiscafe\/wp-json\/wp\/v2\/tags?post=13"}],"curies":[{"name":"wp","href":"https:\/\/api.w.org\/{rel}","templated":true}]}}